{"id":190,"date":"2022-08-22T15:40:40","date_gmt":"2022-08-22T13:40:40","guid":{"rendered":"https:\/\/www.palermonews.it\/?p=190"},"modified":"2022-08-22T15:40:40","modified_gmt":"2022-08-22T13:40:40","slug":"elia-mi-trovo-bene-con-corini-arrivano-giocatori-forti-la-competizione-e-importante","status":"publish","type":"post","link":"https:\/\/www.palermonews.it\/index.php\/2022\/08\/22\/elia-mi-trovo-bene-con-corini-arrivano-giocatori-forti-la-competizione-e-importante\/","title":{"rendered":"Elia: &#8220;Mi trovo bene con Corini. Arrivano giocatori forti? La competizione \u00e8 importante&#8221;"},"content":{"rendered":"<p>Salvatore\u00a0<strong>Elia<\/strong>\u00a0si \u00e8 presentato magnificamente allo stadio<em>\u00a0&#8220;Renzo Barbera&#8221;<\/em>\u00a0contro il\u00a0<strong>Perugia<\/strong>, guadagnandosi un calcio di rigore, poi realizzato da Matteo\u00a0<strong>Brunori<\/strong>, e segnando due reti proprio su assist dell&#8217;italo-brasiliano, con la prima marcatura annullata per un fuorigioco quasi impercettibile. L&#8217;ex Benevento si \u00e8 gi\u00e0 preso il suo ruolo nello scacchiere tattico di mister Eugenio\u00a0<strong>Corini<\/strong>, confermato anche a\u00a0<strong>Bari<\/strong>, &#8220;costringendo&#8221; il compagno Nicola\u00a0<strong>Valente<\/strong>\u00a0a trasferirsi sulla corsia opposta. Queste le dichiarazioni nella conferenza stampa di presentazione di Elia:<\/p>\n<p><em>&#8220;Il mio impatto \u00e8 stato tanto positivo, sono molto felice.\u00a0<strong>Quando \u00e8 arrivata la chiamata del Palermo ho avuto delle emozioni fortissime<\/strong>\u00a0anche per il passato di mio padre che ho vissuto quando ero piccolo. Inizio cos\u00ec forte? Sono arrivato qua determinato per far bene, non mi aspettavo un inizio del genere.<strong>\u00a0Dimissioni Baldini e Castagnini? Io sono un professionista<\/strong>, sono stato tranquillo e non ho avuto nessun timore. Essendo un professionista mi sono adattato subito e mi sono trovato bene con il nuovo direttore e il nuovo mister. Ogni squadra mi ha lasciato qualcosa dentro, Palermo \u00e8 stata una scelta voluta perch\u00e9 per me \u00e8 una piazza importante. Se dimostri quello che vali pu\u00f2 essere un trampolino importante. <strong>Abbiamo un bellissimo gruppo, ci hanno accolto in una maniera incredibile.<\/strong>\u00a0In B quando hai un bel gruppo fa la differenza.\u00a0<strong>Corini? Ha le sue idee, mi trovo bene con lui.<\/strong>\u00a0Siamo nella giusta direzione tutti insieme. Cosa mi ha detto pap\u00e0? Era molto felice ma la prima cosa che gli ho detto io \u00e8 che non sono venuto qui per essere ricordato come il figlio di Firmino. Sono venuto qua per farmi conoscere come Salvatore Elia. Al mister piace avere gli esterni larghi che attaccano molto. Se posso dare una mano in difesa, lo faccio volentieri.\u00a0E&#8217; stata tutta un&#8217;emozione indescrivibile. Rimane il rammarico per non aver esultato contro il Perugia per rispetto della mia ex squadra.<strong>\u00a0Spero di risegnare sabato per poter esultare come si deve.<\/strong>\u00a0Brunori? Mi trovo molto bene con Matteo, se pu\u00f2 darti una mano te la da senza problemi. Abbiamo tante scelte, le viviamo in modo tranquillo. Siamo felicissimi, quando arrivano giocatori forti \u00e8 importante. La competizione ti aiuta a dare quel qualcosa in pi\u00f9 in ogni partita. Formandosi un gruppo forte sappiamo di poter competere con tutte le squadre.<strong>\u00a0La Serie B di quest&#8217;anno a parer mio \u00e8 un A2, fare un gruppo forte \u00e8 importante per giocarcela con tutte&#8221;.<\/strong><\/em><\/p>\n","protected":false},"excerpt":{"rendered":"<p>Salvatore\u00a0Elia\u00a0si \u00e8 presentato magnificamente allo stadio\u00a0&#8220;Renzo Barbera&#8221;\u00a0contro il\u00a0Perugia, guadagnandosi un calcio di rigore, poi realizzato da Matteo\u00a0Brunori, e segnando due reti proprio su assist dell&#8217;italo-brasiliano, con la prima marcatura annullata per un fuorigioco quasi impercettibile. L&#8217;ex Benevento si \u00e8 gi\u00e0 preso il suo ruolo nello scacchiere tattico di mister Eugenio\u00a0Corini, confermato anche a\u00a0Bari, &#8220;costringendo&#8221; il [&hellip;]<\/p>\n","protected":false},"author":2,"featured_media":191,"comment_status":"closed","ping_status":"closed","sticky":false,"template":"","format":"standard","meta":{"tdm_status":"","tdm_grid_status":"","footnotes":""},"categories":[6],"tags":[34],"class_list":["post-190","post","type-post","status-publish","format-standard","has-post-thumbnail","hentry","category-palermo-fc","tag-palermo"],"yoast_head":"<!-- This site is optimized with the Yoast SEO plugin v27.5 - https:\/\/yoast.com\/product\/yoast-seo-wordpress\/ -->\n<title>Elia: &quot;Mi trovo bene con Corini. Arrivano giocatori forti? La competizione \u00e8 importante&quot; - Palermonews<\/title>\n<meta name=\"description\" content=\"Le parole live in conferenza stampa dell&#039;esterno offensivo del Palermo, Salvatore Elia, gi\u00e0 due presenze in Serie B\" \/>\n<meta name=\"robots\" content=\"index, follow, max-snippet:-1, max-image-preview:large, max-video-preview:-1\" \/>\n<link rel=\"canonical\" href=\"https:\/\/www.palermonews.it\/index.php\/2022\/08\/22\/elia-mi-trovo-bene-con-corini-arrivano-giocatori-forti-la-competizione-e-importante\/\" \/>\n<meta property=\"og:locale\" content=\"it_IT\" \/>\n<meta property=\"og:type\" content=\"article\" \/>\n<meta property=\"og:title\" content=\"Elia: &quot;Mi trovo bene con Corini. Arrivano giocatori forti? La competizione \u00e8 importante&quot; - Palermonews\" \/>\n<meta property=\"og:description\" content=\"Le parole live in conferenza stampa dell&#039;esterno offensivo del Palermo, Salvatore Elia, gi\u00e0 due presenze in Serie B\" \/>\n<meta property=\"og:url\" content=\"https:\/\/www.palermonews.it\/index.php\/2022\/08\/22\/elia-mi-trovo-bene-con-corini-arrivano-giocatori-forti-la-competizione-e-importante\/\" \/>\n<meta property=\"og:site_name\" content=\"Palermonews\" \/>\n<meta property=\"article:published_time\" content=\"2022-08-22T13:40:40+00:00\" \/>\n<meta name=\"author\" content=\"Davide\" \/>\n<meta name=\"twitter:card\" content=\"summary_large_image\" \/>\n<meta name=\"twitter:label1\" content=\"Scritto da\" \/>\n\t<meta name=\"twitter:data1\" content=\"Davide\" \/>\n\t<meta name=\"twitter:label2\" content=\"Tempo di lettura stimato\" \/>\n\t<meta name=\"twitter:data2\" content=\"3 minuti\" \/>\n<script type=\"application\/ld+json\" class=\"yoast-schema-graph\">{\"@context\":\"https:\\\/\\\/schema.org\",\"@graph\":[{\"@type\":\"Article\",\"@id\":\"https:\\\/\\\/www.palermonews.it\\\/index.php\\\/2022\\\/08\\\/22\\\/elia-mi-trovo-bene-con-corini-arrivano-giocatori-forti-la-competizione-e-importante\\\/#article\",\"isPartOf\":{\"@id\":\"https:\\\/\\\/www.palermonews.it\\\/index.php\\\/2022\\\/08\\\/22\\\/elia-mi-trovo-bene-con-corini-arrivano-giocatori-forti-la-competizione-e-importante\\\/\"},\"author\":{\"name\":\"Davide\",\"@id\":\"https:\\\/\\\/www.palermonews.it\\\/#\\\/schema\\\/person\\\/ea8418ece513960bb41847667b1077af\"},\"headline\":\"Elia: &#8220;Mi trovo bene con Corini. Arrivano giocatori forti? La competizione \u00e8 importante&#8221;\",\"datePublished\":\"2022-08-22T13:40:40+00:00\",\"mainEntityOfPage\":{\"@id\":\"https:\\\/\\\/www.palermonews.it\\\/index.php\\\/2022\\\/08\\\/22\\\/elia-mi-trovo-bene-con-corini-arrivano-giocatori-forti-la-competizione-e-importante\\\/\"},\"wordCount\":409,\"image\":{\"@id\":\"https:\\\/\\\/www.palermonews.it\\\/index.php\\\/2022\\\/08\\\/22\\\/elia-mi-trovo-bene-con-corini-arrivano-giocatori-forti-la-competizione-e-importante\\\/#primaryimage\"},\"thumbnailUrl\":\"https:\\\/\\\/www.palermonews.it\\\/wp-content\\\/uploads\\\/2022\\\/08\\\/elia.bmp\",\"keywords\":[\"Palermo\"],\"articleSection\":[\"Palermo FC\"],\"inLanguage\":\"it-IT\"},{\"@type\":\"WebPage\",\"@id\":\"https:\\\/\\\/www.palermonews.it\\\/index.php\\\/2022\\\/08\\\/22\\\/elia-mi-trovo-bene-con-corini-arrivano-giocatori-forti-la-competizione-e-importante\\\/\",\"url\":\"https:\\\/\\\/www.palermonews.it\\\/index.php\\\/2022\\\/08\\\/22\\\/elia-mi-trovo-bene-con-corini-arrivano-giocatori-forti-la-competizione-e-importante\\\/\",\"name\":\"Elia: \\\"Mi trovo bene con Corini. Arrivano giocatori forti? La competizione \u00e8 importante\\\" - Palermonews\",\"isPartOf\":{\"@id\":\"https:\\\/\\\/www.palermonews.it\\\/#website\"},\"primaryImageOfPage\":{\"@id\":\"https:\\\/\\\/www.palermonews.it\\\/index.php\\\/2022\\\/08\\\/22\\\/elia-mi-trovo-bene-con-corini-arrivano-giocatori-forti-la-competizione-e-importante\\\/#primaryimage\"},\"image\":{\"@id\":\"https:\\\/\\\/www.palermonews.it\\\/index.php\\\/2022\\\/08\\\/22\\\/elia-mi-trovo-bene-con-corini-arrivano-giocatori-forti-la-competizione-e-importante\\\/#primaryimage\"},\"thumbnailUrl\":\"https:\\\/\\\/www.palermonews.it\\\/wp-content\\\/uploads\\\/2022\\\/08\\\/elia.bmp\",\"datePublished\":\"2022-08-22T13:40:40+00:00\",\"author\":{\"@id\":\"https:\\\/\\\/www.palermonews.it\\\/#\\\/schema\\\/person\\\/ea8418ece513960bb41847667b1077af\"},\"description\":\"Le parole live in conferenza stampa dell'esterno offensivo del Palermo, Salvatore Elia, gi\u00e0 due presenze in Serie B\",\"breadcrumb\":{\"@id\":\"https:\\\/\\\/www.palermonews.it\\\/index.php\\\/2022\\\/08\\\/22\\\/elia-mi-trovo-bene-con-corini-arrivano-giocatori-forti-la-competizione-e-importante\\\/#breadcrumb\"},\"inLanguage\":\"it-IT\",\"potentialAction\":[{\"@type\":\"ReadAction\",\"target\":[\"https:\\\/\\\/www.palermonews.it\\\/index.php\\\/2022\\\/08\\\/22\\\/elia-mi-trovo-bene-con-corini-arrivano-giocatori-forti-la-competizione-e-importante\\\/\"]}]},{\"@type\":\"ImageObject\",\"inLanguage\":\"it-IT\",\"@id\":\"https:\\\/\\\/www.palermonews.it\\\/index.php\\\/2022\\\/08\\\/22\\\/elia-mi-trovo-bene-con-corini-arrivano-giocatori-forti-la-competizione-e-importante\\\/#primaryimage\",\"url\":\"https:\\\/\\\/www.palermonews.it\\\/wp-content\\\/uploads\\\/2022\\\/08\\\/elia.bmp\",\"contentUrl\":\"https:\\\/\\\/www.palermonews.it\\\/wp-content\\\/uploads\\\/2022\\\/08\\\/elia.bmp\",\"width\":1194,\"height\":666,\"caption\":\"Palermo\"},{\"@type\":\"BreadcrumbList\",\"@id\":\"https:\\\/\\\/www.palermonews.it\\\/index.php\\\/2022\\\/08\\\/22\\\/elia-mi-trovo-bene-con-corini-arrivano-giocatori-forti-la-competizione-e-importante\\\/#breadcrumb\",\"itemListElement\":[{\"@type\":\"ListItem\",\"position\":1,\"name\":\"Home\",\"item\":\"https:\\\/\\\/www.palermonews.it\\\/\"},{\"@type\":\"ListItem\",\"position\":2,\"name\":\"Elia: &#8220;Mi trovo bene con Corini. Arrivano giocatori forti? La competizione \u00e8 importante&#8221;\"}]},{\"@type\":\"WebSite\",\"@id\":\"https:\\\/\\\/www.palermonews.it\\\/#website\",\"url\":\"https:\\\/\\\/www.palermonews.it\\\/\",\"name\":\"Palermonews\",\"description\":\"Notizie sul Palermo FC e il City Football Club\",\"potentialAction\":[{\"@type\":\"SearchAction\",\"target\":{\"@type\":\"EntryPoint\",\"urlTemplate\":\"https:\\\/\\\/www.palermonews.it\\\/?s={search_term_string}\"},\"query-input\":{\"@type\":\"PropertyValueSpecification\",\"valueRequired\":true,\"valueName\":\"search_term_string\"}}],\"inLanguage\":\"it-IT\"},{\"@type\":\"Person\",\"@id\":\"https:\\\/\\\/www.palermonews.it\\\/#\\\/schema\\\/person\\\/ea8418ece513960bb41847667b1077af\",\"name\":\"Davide\",\"image\":{\"@type\":\"ImageObject\",\"inLanguage\":\"it-IT\",\"@id\":\"https:\\\/\\\/secure.gravatar.com\\\/avatar\\\/f31a5785ad5f0da346d95c18429aec20e79ee208d29c655152eed7b062ce1397?s=96&d=mm&r=g\",\"url\":\"https:\\\/\\\/secure.gravatar.com\\\/avatar\\\/f31a5785ad5f0da346d95c18429aec20e79ee208d29c655152eed7b062ce1397?s=96&d=mm&r=g\",\"contentUrl\":\"https:\\\/\\\/secure.gravatar.com\\\/avatar\\\/f31a5785ad5f0da346d95c18429aec20e79ee208d29c655152eed7b062ce1397?s=96&d=mm&r=g\",\"caption\":\"Davide\"},\"sameAs\":[\"https:\\\/\\\/www.palermonews.it\"],\"url\":\"https:\\\/\\\/www.palermonews.it\\\/index.php\\\/author\\\/reda002\\\/\"}]}<\/script>\n<!-- \/ Yoast SEO plugin. -->","yoast_head_json":{"title":"Elia: \"Mi trovo bene con Corini. Arrivano giocatori forti? La competizione \u00e8 importante\" - Palermonews","description":"Le parole live in conferenza stampa dell'esterno offensivo del Palermo, Salvatore Elia, gi\u00e0 due presenze in Serie B","robots":{"index":"index","follow":"follow","max-snippet":"max-snippet:-1","max-image-preview":"max-image-preview:large","max-video-preview":"max-video-preview:-1"},"canonical":"https:\/\/www.palermonews.it\/index.php\/2022\/08\/22\/elia-mi-trovo-bene-con-corini-arrivano-giocatori-forti-la-competizione-e-importante\/","og_locale":"it_IT","og_type":"article","og_title":"Elia: \"Mi trovo bene con Corini. Arrivano giocatori forti? La competizione \u00e8 importante\" - Palermonews","og_description":"Le parole live in conferenza stampa dell'esterno offensivo del Palermo, Salvatore Elia, gi\u00e0 due presenze in Serie B","og_url":"https:\/\/www.palermonews.it\/index.php\/2022\/08\/22\/elia-mi-trovo-bene-con-corini-arrivano-giocatori-forti-la-competizione-e-importante\/","og_site_name":"Palermonews","article_published_time":"2022-08-22T13:40:40+00:00","author":"Davide","twitter_card":"summary_large_image","twitter_misc":{"Scritto da":"Davide","Tempo di lettura stimato":"3 minuti"},"schema":{"@context":"https:\/\/schema.org","@graph":[{"@type":"Article","@id":"https:\/\/www.palermonews.it\/index.php\/2022\/08\/22\/elia-mi-trovo-bene-con-corini-arrivano-giocatori-forti-la-competizione-e-importante\/#article","isPartOf":{"@id":"https:\/\/www.palermonews.it\/index.php\/2022\/08\/22\/elia-mi-trovo-bene-con-corini-arrivano-giocatori-forti-la-competizione-e-importante\/"},"author":{"name":"Davide","@id":"https:\/\/www.palermonews.it\/#\/schema\/person\/ea8418ece513960bb41847667b1077af"},"headline":"Elia: &#8220;Mi trovo bene con Corini. Arrivano giocatori forti? La competizione \u00e8 importante&#8221;","datePublished":"2022-08-22T13:40:40+00:00","mainEntityOfPage":{"@id":"https:\/\/www.palermonews.it\/index.php\/2022\/08\/22\/elia-mi-trovo-bene-con-corini-arrivano-giocatori-forti-la-competizione-e-importante\/"},"wordCount":409,"image":{"@id":"https:\/\/www.palermonews.it\/index.php\/2022\/08\/22\/elia-mi-trovo-bene-con-corini-arrivano-giocatori-forti-la-competizione-e-importante\/#primaryimage"},"thumbnailUrl":"https:\/\/www.palermonews.it\/wp-content\/uploads\/2022\/08\/elia.bmp","keywords":["Palermo"],"articleSection":["Palermo FC"],"inLanguage":"it-IT"},{"@type":"WebPage","@id":"https:\/\/www.palermonews.it\/index.php\/2022\/08\/22\/elia-mi-trovo-bene-con-corini-arrivano-giocatori-forti-la-competizione-e-importante\/","url":"https:\/\/www.palermonews.it\/index.php\/2022\/08\/22\/elia-mi-trovo-bene-con-corini-arrivano-giocatori-forti-la-competizione-e-importante\/","name":"Elia: \"Mi trovo bene con Corini. Arrivano giocatori forti? La competizione \u00e8 importante\" - Palermonews","isPartOf":{"@id":"https:\/\/www.palermonews.it\/#website"},"primaryImageOfPage":{"@id":"https:\/\/www.palermonews.it\/index.php\/2022\/08\/22\/elia-mi-trovo-bene-con-corini-arrivano-giocatori-forti-la-competizione-e-importante\/#primaryimage"},"image":{"@id":"https:\/\/www.palermonews.it\/index.php\/2022\/08\/22\/elia-mi-trovo-bene-con-corini-arrivano-giocatori-forti-la-competizione-e-importante\/#primaryimage"},"thumbnailUrl":"https:\/\/www.palermonews.it\/wp-content\/uploads\/2022\/08\/elia.bmp","datePublished":"2022-08-22T13:40:40+00:00","author":{"@id":"https:\/\/www.palermonews.it\/#\/schema\/person\/ea8418ece513960bb41847667b1077af"},"description":"Le parole live in conferenza stampa dell'esterno offensivo del Palermo, Salvatore Elia, gi\u00e0 due presenze in Serie B","breadcrumb":{"@id":"https:\/\/www.palermonews.it\/index.php\/2022\/08\/22\/elia-mi-trovo-bene-con-corini-arrivano-giocatori-forti-la-competizione-e-importante\/#breadcrumb"},"inLanguage":"it-IT","potentialAction":[{"@type":"ReadAction","target":["https:\/\/www.palermonews.it\/index.php\/2022\/08\/22\/elia-mi-trovo-bene-con-corini-arrivano-giocatori-forti-la-competizione-e-importante\/"]}]},{"@type":"ImageObject","inLanguage":"it-IT","@id":"https:\/\/www.palermonews.it\/index.php\/2022\/08\/22\/elia-mi-trovo-bene-con-corini-arrivano-giocatori-forti-la-competizione-e-importante\/#primaryimage","url":"https:\/\/www.palermonews.it\/wp-content\/uploads\/2022\/08\/elia.bmp","contentUrl":"https:\/\/www.palermonews.it\/wp-content\/uploads\/2022\/08\/elia.bmp","width":1194,"height":666,"caption":"Palermo"},{"@type":"BreadcrumbList","@id":"https:\/\/www.palermonews.it\/index.php\/2022\/08\/22\/elia-mi-trovo-bene-con-corini-arrivano-giocatori-forti-la-competizione-e-importante\/#breadcrumb","itemListElement":[{"@type":"ListItem","position":1,"name":"Home","item":"https:\/\/www.palermonews.it\/"},{"@type":"ListItem","position":2,"name":"Elia: &#8220;Mi trovo bene con Corini. Arrivano giocatori forti? La competizione \u00e8 importante&#8221;"}]},{"@type":"WebSite","@id":"https:\/\/www.palermonews.it\/#website","url":"https:\/\/www.palermonews.it\/","name":"Palermonews","description":"Notizie sul Palermo FC e il City Football Club","potentialAction":[{"@type":"SearchAction","target":{"@type":"EntryPoint","urlTemplate":"https:\/\/www.palermonews.it\/?s={search_term_string}"},"query-input":{"@type":"PropertyValueSpecification","valueRequired":true,"valueName":"search_term_string"}}],"inLanguage":"it-IT"},{"@type":"Person","@id":"https:\/\/www.palermonews.it\/#\/schema\/person\/ea8418ece513960bb41847667b1077af","name":"Davide","image":{"@type":"ImageObject","inLanguage":"it-IT","@id":"https:\/\/secure.gravatar.com\/avatar\/f31a5785ad5f0da346d95c18429aec20e79ee208d29c655152eed7b062ce1397?s=96&d=mm&r=g","url":"https:\/\/secure.gravatar.com\/avatar\/f31a5785ad5f0da346d95c18429aec20e79ee208d29c655152eed7b062ce1397?s=96&d=mm&r=g","contentUrl":"https:\/\/secure.gravatar.com\/avatar\/f31a5785ad5f0da346d95c18429aec20e79ee208d29c655152eed7b062ce1397?s=96&d=mm&r=g","caption":"Davide"},"sameAs":["https:\/\/www.palermonews.it"],"url":"https:\/\/www.palermonews.it\/index.php\/author\/reda002\/"}]}},"_links":{"self":[{"href":"https:\/\/www.palermonews.it\/index.php\/wp-json\/wp\/v2\/posts\/190","targetHints":{"allow":["GET"]}}],"collection":[{"href":"https:\/\/www.palermonews.it\/index.php\/wp-json\/wp\/v2\/posts"}],"about":[{"href":"https:\/\/www.palermonews.it\/index.php\/wp-json\/wp\/v2\/types\/post"}],"author":[{"embeddable":true,"href":"https:\/\/www.palermonews.it\/index.php\/wp-json\/wp\/v2\/users\/2"}],"replies":[{"embeddable":true,"href":"https:\/\/www.palermonews.it\/index.php\/wp-json\/wp\/v2\/comments?post=190"}],"version-history":[{"count":1,"href":"https:\/\/www.palermonews.it\/index.php\/wp-json\/wp\/v2\/posts\/190\/revisions"}],"predecessor-version":[{"id":192,"href":"https:\/\/www.palermonews.it\/index.php\/wp-json\/wp\/v2\/posts\/190\/revisions\/192"}],"wp:featuredmedia":[{"embeddable":true,"href":"https:\/\/www.palermonews.it\/index.php\/wp-json\/wp\/v2\/media\/191"}],"wp:attachment":[{"href":"https:\/\/www.palermonews.it\/index.php\/wp-json\/wp\/v2\/media?parent=190"}],"wp:term":[{"taxonomy":"category","embeddable":true,"href":"https:\/\/www.palermonews.it\/index.php\/wp-json\/wp\/v2\/categories?post=190"},{"taxonomy":"post_tag","embeddable":true,"href":"https:\/\/www.palermonews.it\/index.php\/wp-json\/wp\/v2\/tags?post=190"}],"curies":[{"name":"wp","href":"https:\/\/api.w.org\/{rel}","templated":true}]}}