{"id":216,"date":"2022-09-08T15:26:55","date_gmt":"2022-09-08T13:26:55","guid":{"rendered":"https:\/\/www.palermonews.it\/?p=216"},"modified":"2022-09-08T15:26:55","modified_gmt":"2022-09-08T13:26:55","slug":"corini-il-genoa-ambisce-alla-promozione-capisco-i-tifosi-quando-perdiamo","status":"publish","type":"post","link":"https:\/\/www.palermonews.it\/index.php\/2022\/09\/08\/corini-il-genoa-ambisce-alla-promozione-capisco-i-tifosi-quando-perdiamo\/","title":{"rendered":"Corini: &#8220;Il Genoa ambisce alla promozione. Capisco i tifosi quando perdiamo&#8221;"},"content":{"rendered":"<div class=\"content\">\n<p>Riprendersi dopo le due sconfitte consecutive contro Ascoli e Reggina \u00e8 la &#8220;<em>mission<\/em>&#8221; del tecnico Eugenio\u00a0<strong>Corini<\/strong>, il quale affronter\u00e0 questo venerd\u00ec al &#8220;<em>Renzo Barbera<\/em>&#8221; uno dei club pi\u00f9 ambiziosi della Serie B: il\u00a0<strong>Genoa<\/strong>\u00a0di Blessin. Tra gli indisponibili del\u00a0<strong>Palermo<\/strong>\u00a0figurano\u00a0<strong>Broh<\/strong>, ancora sulla via del recupero, e lo squalificato\u00a0<strong>Bettella<\/strong>. Queste le dichiarazioni del tecnico di Bagnolo Mella:<\/p>\n<p><em>&#8220;In un percorso di continuit\u00e0 e rinnovamento \u00e8 fisiologico che ci siano difficolt\u00e0.<strong>\u00a0Comprendo i tifosi e sto male quando perdiamo ma devo fare delle analisi lucide.<\/strong>\u00a0Non vedo solo del buono nelle prime due di campionato e idem non vedo tutto negativo nelle ultime due. Comprendo la delusione ma non dimentichiamo il punto di partenza. C&#8217;\u00e8 bisogno di tempo e su questo stiamo lavorando. Voglio una squadra che esca dal campo dopo aver dato tutto. Ho gi\u00e0 comunicato la formazione questa mattina dopo aver fatto riflessioni.\u00a0<strong>Non voglio cambiare tanto, voglio consolidare l&#8217;atteggiamento. Giocher\u00e0 Marconi al posto di Bettella.<\/strong> L&#8217;avversario \u00e8 una conseguenza. Ogni partita \u00e8 fondamentale.\u00a0Genoa? Avversario molto forte che come Cagliari e Parma \u00e8 la pi\u00f9 accreditata per il salto di categoria.\u00a0Affronteremo il Genoa allo stesso modo di come affronteremmo un&#8217;altra squadra. Voglio una reazione emotiva per quello che \u00e8 successo a Reggio. I discorsi tattici prendono valore se hai controllo emotivo su quello che accade. Reazione caratteriale, voglia di stare dentro le difficolt\u00e0 per trovare la chiave giusta per far male agli avversari. Ho cercato di far riconoscere questo tipo di situazioni ai miei ragazzi. In queste microstrutture possiamo fare la differenza per poi crescere dal punto di vista tattico.\u00a0Si tratta di un percorso medio-lungo, ho bisogno di fissare qualche concetto per poi lavorare sulle sfumature. Dobbiamo fare prestazioni gagliarde per portare a casa punti&#8221;<\/em><\/p>\n<\/div>\n<div class=\"adv rcsad_Middle1_content\" data-google-query-id=\"CJif1K6lhfoCFQ2qdwodZbIJeA\"><em>&#8220;In un percorso di continuit\u00e0 e rinnovamento \u00e8 fisiologico che ci siano difficolt\u00e0.<strong>\u00a0Comprendo i tifosi e sto male quando perdiamo ma devo fare delle analisi lucide.<\/strong>\u00a0Non vedo solo del buono nelle prime due di campionato e idem non vedo tutto negativo nelle ultime due. Comprendo la delusione ma non dimentichiamo il punto di partenza. C&#8217;\u00e8 bisogno di tempo e su questo stiamo lavorando. Voglio una squadra che esca dal campo dopo aver dato tutto. Ho gi\u00e0 comunicato la formazione questa mattina dopo aver fatto riflessioni.\u00a0<strong>Non voglio cambiare tanto, voglio consolidare l&#8217;atteggiamento. Giocher\u00e0 Marconi al posto di Bettella&#8221;<\/strong><\/em><\/div>\n<div data-google-query-id=\"CJif1K6lhfoCFQ2qdwodZbIJeA\"><\/div>\n<div data-google-query-id=\"CJif1K6lhfoCFQ2qdwodZbIJeA\"><\/div>\n","protected":false},"excerpt":{"rendered":"<p>Riprendersi dopo le due sconfitte consecutive contro Ascoli e Reggina \u00e8 la &#8220;mission&#8221; del tecnico Eugenio\u00a0Corini, il quale affronter\u00e0 questo venerd\u00ec al &#8220;Renzo Barbera&#8221; uno dei club pi\u00f9 ambiziosi della Serie B: il\u00a0Genoa\u00a0di Blessin. Tra gli indisponibili del\u00a0Palermo\u00a0figurano\u00a0Broh, ancora sulla via del recupero, e lo squalificato\u00a0Bettella. Queste le dichiarazioni del tecnico di Bagnolo Mella: &#8220;In [&hellip;]<\/p>\n","protected":false},"author":2,"featured_media":180,"comment_status":"closed","ping_status":"closed","sticky":false,"template":"","format":"standard","meta":{"tdm_status":"","tdm_grid_status":"","footnotes":""},"categories":[6],"tags":[34],"class_list":["post-216","post","type-post","status-publish","format-standard","has-post-thumbnail","hentry","category-palermo-fc","tag-palermo"],"yoast_head":"<!-- This site is optimized with the Yoast SEO plugin v27.5 - https:\/\/yoast.com\/product\/yoast-seo-wordpress\/ -->\n<title>Corini: &quot;Il Genoa ambisce alla promozione. Capisco i tifosi quando perdiamo&quot; - Palermonews<\/title>\n<meta name=\"description\" content=\"Le dichiarazioni del tecnico Corini alla vigilia del big match Palermo-Genoa\" \/>\n<meta name=\"robots\" content=\"index, follow, max-snippet:-1, max-image-preview:large, max-video-preview:-1\" \/>\n<link rel=\"canonical\" href=\"https:\/\/www.palermonews.it\/index.php\/2022\/09\/08\/corini-il-genoa-ambisce-alla-promozione-capisco-i-tifosi-quando-perdiamo\/\" \/>\n<meta property=\"og:locale\" content=\"it_IT\" \/>\n<meta property=\"og:type\" content=\"article\" \/>\n<meta property=\"og:title\" content=\"Corini: &quot;Il Genoa ambisce alla promozione. Capisco i tifosi quando perdiamo&quot; - Palermonews\" \/>\n<meta property=\"og:description\" content=\"Le dichiarazioni del tecnico Corini alla vigilia del big match Palermo-Genoa\" \/>\n<meta property=\"og:url\" content=\"https:\/\/www.palermonews.it\/index.php\/2022\/09\/08\/corini-il-genoa-ambisce-alla-promozione-capisco-i-tifosi-quando-perdiamo\/\" \/>\n<meta property=\"og:site_name\" content=\"Palermonews\" \/>\n<meta property=\"article:published_time\" content=\"2022-09-08T13:26:55+00:00\" \/>\n<meta property=\"og:image\" content=\"https:\/\/www.palermonews.it\/wp-content\/uploads\/2022\/08\/corini-2.jpg\" \/>\n\t<meta property=\"og:image:width\" content=\"2048\" \/>\n\t<meta property=\"og:image:height\" content=\"1536\" \/>\n\t<meta property=\"og:image:type\" content=\"image\/jpeg\" \/>\n<meta name=\"author\" content=\"Davide\" \/>\n<meta name=\"twitter:card\" content=\"summary_large_image\" \/>\n<meta name=\"twitter:label1\" content=\"Scritto da\" \/>\n\t<meta name=\"twitter:data1\" content=\"Davide\" \/>\n\t<meta name=\"twitter:label2\" content=\"Tempo di lettura stimato\" \/>\n\t<meta name=\"twitter:data2\" content=\"3 minuti\" \/>\n<script type=\"application\/ld+json\" class=\"yoast-schema-graph\">{\"@context\":\"https:\\\/\\\/schema.org\",\"@graph\":[{\"@type\":\"Article\",\"@id\":\"https:\\\/\\\/www.palermonews.it\\\/index.php\\\/2022\\\/09\\\/08\\\/corini-il-genoa-ambisce-alla-promozione-capisco-i-tifosi-quando-perdiamo\\\/#article\",\"isPartOf\":{\"@id\":\"https:\\\/\\\/www.palermonews.it\\\/index.php\\\/2022\\\/09\\\/08\\\/corini-il-genoa-ambisce-alla-promozione-capisco-i-tifosi-quando-perdiamo\\\/\"},\"author\":{\"name\":\"Davide\",\"@id\":\"https:\\\/\\\/www.palermonews.it\\\/#\\\/schema\\\/person\\\/ea8418ece513960bb41847667b1077af\"},\"headline\":\"Corini: &#8220;Il Genoa ambisce alla promozione. Capisco i tifosi quando perdiamo&#8221;\",\"datePublished\":\"2022-09-08T13:26:55+00:00\",\"mainEntityOfPage\":{\"@id\":\"https:\\\/\\\/www.palermonews.it\\\/index.php\\\/2022\\\/09\\\/08\\\/corini-il-genoa-ambisce-alla-promozione-capisco-i-tifosi-quando-perdiamo\\\/\"},\"wordCount\":397,\"image\":{\"@id\":\"https:\\\/\\\/www.palermonews.it\\\/index.php\\\/2022\\\/09\\\/08\\\/corini-il-genoa-ambisce-alla-promozione-capisco-i-tifosi-quando-perdiamo\\\/#primaryimage\"},\"thumbnailUrl\":\"https:\\\/\\\/www.palermonews.it\\\/wp-content\\\/uploads\\\/2022\\\/08\\\/corini-2.jpg\",\"keywords\":[\"Palermo\"],\"articleSection\":[\"Palermo FC\"],\"inLanguage\":\"it-IT\"},{\"@type\":\"WebPage\",\"@id\":\"https:\\\/\\\/www.palermonews.it\\\/index.php\\\/2022\\\/09\\\/08\\\/corini-il-genoa-ambisce-alla-promozione-capisco-i-tifosi-quando-perdiamo\\\/\",\"url\":\"https:\\\/\\\/www.palermonews.it\\\/index.php\\\/2022\\\/09\\\/08\\\/corini-il-genoa-ambisce-alla-promozione-capisco-i-tifosi-quando-perdiamo\\\/\",\"name\":\"Corini: \\\"Il Genoa ambisce alla promozione. Capisco i tifosi quando perdiamo\\\" - Palermonews\",\"isPartOf\":{\"@id\":\"https:\\\/\\\/www.palermonews.it\\\/#website\"},\"primaryImageOfPage\":{\"@id\":\"https:\\\/\\\/www.palermonews.it\\\/index.php\\\/2022\\\/09\\\/08\\\/corini-il-genoa-ambisce-alla-promozione-capisco-i-tifosi-quando-perdiamo\\\/#primaryimage\"},\"image\":{\"@id\":\"https:\\\/\\\/www.palermonews.it\\\/index.php\\\/2022\\\/09\\\/08\\\/corini-il-genoa-ambisce-alla-promozione-capisco-i-tifosi-quando-perdiamo\\\/#primaryimage\"},\"thumbnailUrl\":\"https:\\\/\\\/www.palermonews.it\\\/wp-content\\\/uploads\\\/2022\\\/08\\\/corini-2.jpg\",\"datePublished\":\"2022-09-08T13:26:55+00:00\",\"author\":{\"@id\":\"https:\\\/\\\/www.palermonews.it\\\/#\\\/schema\\\/person\\\/ea8418ece513960bb41847667b1077af\"},\"description\":\"Le dichiarazioni del tecnico Corini alla vigilia del big match Palermo-Genoa\",\"breadcrumb\":{\"@id\":\"https:\\\/\\\/www.palermonews.it\\\/index.php\\\/2022\\\/09\\\/08\\\/corini-il-genoa-ambisce-alla-promozione-capisco-i-tifosi-quando-perdiamo\\\/#breadcrumb\"},\"inLanguage\":\"it-IT\",\"potentialAction\":[{\"@type\":\"ReadAction\",\"target\":[\"https:\\\/\\\/www.palermonews.it\\\/index.php\\\/2022\\\/09\\\/08\\\/corini-il-genoa-ambisce-alla-promozione-capisco-i-tifosi-quando-perdiamo\\\/\"]}]},{\"@type\":\"ImageObject\",\"inLanguage\":\"it-IT\",\"@id\":\"https:\\\/\\\/www.palermonews.it\\\/index.php\\\/2022\\\/09\\\/08\\\/corini-il-genoa-ambisce-alla-promozione-capisco-i-tifosi-quando-perdiamo\\\/#primaryimage\",\"url\":\"https:\\\/\\\/www.palermonews.it\\\/wp-content\\\/uploads\\\/2022\\\/08\\\/corini-2.jpg\",\"contentUrl\":\"https:\\\/\\\/www.palermonews.it\\\/wp-content\\\/uploads\\\/2022\\\/08\\\/corini-2.jpg\",\"width\":2048,\"height\":1536,\"caption\":\"Palermo\"},{\"@type\":\"BreadcrumbList\",\"@id\":\"https:\\\/\\\/www.palermonews.it\\\/index.php\\\/2022\\\/09\\\/08\\\/corini-il-genoa-ambisce-alla-promozione-capisco-i-tifosi-quando-perdiamo\\\/#breadcrumb\",\"itemListElement\":[{\"@type\":\"ListItem\",\"position\":1,\"name\":\"Home\",\"item\":\"https:\\\/\\\/www.palermonews.it\\\/\"},{\"@type\":\"ListItem\",\"position\":2,\"name\":\"Corini: &#8220;Il Genoa ambisce alla promozione. Capisco i tifosi quando perdiamo&#8221;\"}]},{\"@type\":\"WebSite\",\"@id\":\"https:\\\/\\\/www.palermonews.it\\\/#website\",\"url\":\"https:\\\/\\\/www.palermonews.it\\\/\",\"name\":\"Palermonews\",\"description\":\"Notizie sul Palermo FC e il City Football Club\",\"potentialAction\":[{\"@type\":\"SearchAction\",\"target\":{\"@type\":\"EntryPoint\",\"urlTemplate\":\"https:\\\/\\\/www.palermonews.it\\\/?s={search_term_string}\"},\"query-input\":{\"@type\":\"PropertyValueSpecification\",\"valueRequired\":true,\"valueName\":\"search_term_string\"}}],\"inLanguage\":\"it-IT\"},{\"@type\":\"Person\",\"@id\":\"https:\\\/\\\/www.palermonews.it\\\/#\\\/schema\\\/person\\\/ea8418ece513960bb41847667b1077af\",\"name\":\"Davide\",\"image\":{\"@type\":\"ImageObject\",\"inLanguage\":\"it-IT\",\"@id\":\"https:\\\/\\\/secure.gravatar.com\\\/avatar\\\/f31a5785ad5f0da346d95c18429aec20e79ee208d29c655152eed7b062ce1397?s=96&d=mm&r=g\",\"url\":\"https:\\\/\\\/secure.gravatar.com\\\/avatar\\\/f31a5785ad5f0da346d95c18429aec20e79ee208d29c655152eed7b062ce1397?s=96&d=mm&r=g\",\"contentUrl\":\"https:\\\/\\\/secure.gravatar.com\\\/avatar\\\/f31a5785ad5f0da346d95c18429aec20e79ee208d29c655152eed7b062ce1397?s=96&d=mm&r=g\",\"caption\":\"Davide\"},\"sameAs\":[\"https:\\\/\\\/www.palermonews.it\"],\"url\":\"https:\\\/\\\/www.palermonews.it\\\/index.php\\\/author\\\/reda002\\\/\"}]}<\/script>\n<!-- \/ Yoast SEO plugin. -->","yoast_head_json":{"title":"Corini: \"Il Genoa ambisce alla promozione. Capisco i tifosi quando perdiamo\" - Palermonews","description":"Le dichiarazioni del tecnico Corini alla vigilia del big match Palermo-Genoa","robots":{"index":"index","follow":"follow","max-snippet":"max-snippet:-1","max-image-preview":"max-image-preview:large","max-video-preview":"max-video-preview:-1"},"canonical":"https:\/\/www.palermonews.it\/index.php\/2022\/09\/08\/corini-il-genoa-ambisce-alla-promozione-capisco-i-tifosi-quando-perdiamo\/","og_locale":"it_IT","og_type":"article","og_title":"Corini: \"Il Genoa ambisce alla promozione. Capisco i tifosi quando perdiamo\" - Palermonews","og_description":"Le dichiarazioni del tecnico Corini alla vigilia del big match Palermo-Genoa","og_url":"https:\/\/www.palermonews.it\/index.php\/2022\/09\/08\/corini-il-genoa-ambisce-alla-promozione-capisco-i-tifosi-quando-perdiamo\/","og_site_name":"Palermonews","article_published_time":"2022-09-08T13:26:55+00:00","og_image":[{"width":2048,"height":1536,"url":"https:\/\/www.palermonews.it\/wp-content\/uploads\/2022\/08\/corini-2.jpg","type":"image\/jpeg"}],"author":"Davide","twitter_card":"summary_large_image","twitter_misc":{"Scritto da":"Davide","Tempo di lettura stimato":"3 minuti"},"schema":{"@context":"https:\/\/schema.org","@graph":[{"@type":"Article","@id":"https:\/\/www.palermonews.it\/index.php\/2022\/09\/08\/corini-il-genoa-ambisce-alla-promozione-capisco-i-tifosi-quando-perdiamo\/#article","isPartOf":{"@id":"https:\/\/www.palermonews.it\/index.php\/2022\/09\/08\/corini-il-genoa-ambisce-alla-promozione-capisco-i-tifosi-quando-perdiamo\/"},"author":{"name":"Davide","@id":"https:\/\/www.palermonews.it\/#\/schema\/person\/ea8418ece513960bb41847667b1077af"},"headline":"Corini: &#8220;Il Genoa ambisce alla promozione. Capisco i tifosi quando perdiamo&#8221;","datePublished":"2022-09-08T13:26:55+00:00","mainEntityOfPage":{"@id":"https:\/\/www.palermonews.it\/index.php\/2022\/09\/08\/corini-il-genoa-ambisce-alla-promozione-capisco-i-tifosi-quando-perdiamo\/"},"wordCount":397,"image":{"@id":"https:\/\/www.palermonews.it\/index.php\/2022\/09\/08\/corini-il-genoa-ambisce-alla-promozione-capisco-i-tifosi-quando-perdiamo\/#primaryimage"},"thumbnailUrl":"https:\/\/www.palermonews.it\/wp-content\/uploads\/2022\/08\/corini-2.jpg","keywords":["Palermo"],"articleSection":["Palermo FC"],"inLanguage":"it-IT"},{"@type":"WebPage","@id":"https:\/\/www.palermonews.it\/index.php\/2022\/09\/08\/corini-il-genoa-ambisce-alla-promozione-capisco-i-tifosi-quando-perdiamo\/","url":"https:\/\/www.palermonews.it\/index.php\/2022\/09\/08\/corini-il-genoa-ambisce-alla-promozione-capisco-i-tifosi-quando-perdiamo\/","name":"Corini: \"Il Genoa ambisce alla promozione. Capisco i tifosi quando perdiamo\" - Palermonews","isPartOf":{"@id":"https:\/\/www.palermonews.it\/#website"},"primaryImageOfPage":{"@id":"https:\/\/www.palermonews.it\/index.php\/2022\/09\/08\/corini-il-genoa-ambisce-alla-promozione-capisco-i-tifosi-quando-perdiamo\/#primaryimage"},"image":{"@id":"https:\/\/www.palermonews.it\/index.php\/2022\/09\/08\/corini-il-genoa-ambisce-alla-promozione-capisco-i-tifosi-quando-perdiamo\/#primaryimage"},"thumbnailUrl":"https:\/\/www.palermonews.it\/wp-content\/uploads\/2022\/08\/corini-2.jpg","datePublished":"2022-09-08T13:26:55+00:00","author":{"@id":"https:\/\/www.palermonews.it\/#\/schema\/person\/ea8418ece513960bb41847667b1077af"},"description":"Le dichiarazioni del tecnico Corini alla vigilia del big match Palermo-Genoa","breadcrumb":{"@id":"https:\/\/www.palermonews.it\/index.php\/2022\/09\/08\/corini-il-genoa-ambisce-alla-promozione-capisco-i-tifosi-quando-perdiamo\/#breadcrumb"},"inLanguage":"it-IT","potentialAction":[{"@type":"ReadAction","target":["https:\/\/www.palermonews.it\/index.php\/2022\/09\/08\/corini-il-genoa-ambisce-alla-promozione-capisco-i-tifosi-quando-perdiamo\/"]}]},{"@type":"ImageObject","inLanguage":"it-IT","@id":"https:\/\/www.palermonews.it\/index.php\/2022\/09\/08\/corini-il-genoa-ambisce-alla-promozione-capisco-i-tifosi-quando-perdiamo\/#primaryimage","url":"https:\/\/www.palermonews.it\/wp-content\/uploads\/2022\/08\/corini-2.jpg","contentUrl":"https:\/\/www.palermonews.it\/wp-content\/uploads\/2022\/08\/corini-2.jpg","width":2048,"height":1536,"caption":"Palermo"},{"@type":"BreadcrumbList","@id":"https:\/\/www.palermonews.it\/index.php\/2022\/09\/08\/corini-il-genoa-ambisce-alla-promozione-capisco-i-tifosi-quando-perdiamo\/#breadcrumb","itemListElement":[{"@type":"ListItem","position":1,"name":"Home","item":"https:\/\/www.palermonews.it\/"},{"@type":"ListItem","position":2,"name":"Corini: &#8220;Il Genoa ambisce alla promozione. Capisco i tifosi quando perdiamo&#8221;"}]},{"@type":"WebSite","@id":"https:\/\/www.palermonews.it\/#website","url":"https:\/\/www.palermonews.it\/","name":"Palermonews","description":"Notizie sul Palermo FC e il City Football Club","potentialAction":[{"@type":"SearchAction","target":{"@type":"EntryPoint","urlTemplate":"https:\/\/www.palermonews.it\/?s={search_term_string}"},"query-input":{"@type":"PropertyValueSpecification","valueRequired":true,"valueName":"search_term_string"}}],"inLanguage":"it-IT"},{"@type":"Person","@id":"https:\/\/www.palermonews.it\/#\/schema\/person\/ea8418ece513960bb41847667b1077af","name":"Davide","image":{"@type":"ImageObject","inLanguage":"it-IT","@id":"https:\/\/secure.gravatar.com\/avatar\/f31a5785ad5f0da346d95c18429aec20e79ee208d29c655152eed7b062ce1397?s=96&d=mm&r=g","url":"https:\/\/secure.gravatar.com\/avatar\/f31a5785ad5f0da346d95c18429aec20e79ee208d29c655152eed7b062ce1397?s=96&d=mm&r=g","contentUrl":"https:\/\/secure.gravatar.com\/avatar\/f31a5785ad5f0da346d95c18429aec20e79ee208d29c655152eed7b062ce1397?s=96&d=mm&r=g","caption":"Davide"},"sameAs":["https:\/\/www.palermonews.it"],"url":"https:\/\/www.palermonews.it\/index.php\/author\/reda002\/"}]}},"_links":{"self":[{"href":"https:\/\/www.palermonews.it\/index.php\/wp-json\/wp\/v2\/posts\/216","targetHints":{"allow":["GET"]}}],"collection":[{"href":"https:\/\/www.palermonews.it\/index.php\/wp-json\/wp\/v2\/posts"}],"about":[{"href":"https:\/\/www.palermonews.it\/index.php\/wp-json\/wp\/v2\/types\/post"}],"author":[{"embeddable":true,"href":"https:\/\/www.palermonews.it\/index.php\/wp-json\/wp\/v2\/users\/2"}],"replies":[{"embeddable":true,"href":"https:\/\/www.palermonews.it\/index.php\/wp-json\/wp\/v2\/comments?post=216"}],"version-history":[{"count":1,"href":"https:\/\/www.palermonews.it\/index.php\/wp-json\/wp\/v2\/posts\/216\/revisions"}],"predecessor-version":[{"id":217,"href":"https:\/\/www.palermonews.it\/index.php\/wp-json\/wp\/v2\/posts\/216\/revisions\/217"}],"wp:featuredmedia":[{"embeddable":true,"href":"https:\/\/www.palermonews.it\/index.php\/wp-json\/wp\/v2\/media\/180"}],"wp:attachment":[{"href":"https:\/\/www.palermonews.it\/index.php\/wp-json\/wp\/v2\/media?parent=216"}],"wp:term":[{"taxonomy":"category","embeddable":true,"href":"https:\/\/www.palermonews.it\/index.php\/wp-json\/wp\/v2\/categories?post=216"},{"taxonomy":"post_tag","embeddable":true,"href":"https:\/\/www.palermonews.it\/index.php\/wp-json\/wp\/v2\/tags?post=216"}],"curies":[{"name":"wp","href":"https:\/\/api.w.org\/{rel}","templated":true}]}}