{"id":223,"date":"2022-09-12T12:13:32","date_gmt":"2022-09-12T10:13:32","guid":{"rendered":"https:\/\/www.palermonews.it\/?p=223"},"modified":"2022-09-12T12:13:32","modified_gmt":"2022-09-12T10:13:32","slug":"pierozzi-sono-concentrato-solo-sul-palermo-convinto-di-poter-dire-la-mia","status":"publish","type":"post","link":"https:\/\/www.palermonews.it\/index.php\/2022\/09\/12\/pierozzi-sono-concentrato-solo-sul-palermo-convinto-di-poter-dire-la-mia\/","title":{"rendered":"Pierozzi: &#8220;Sono concentrato solo sul Palermo. Convinto di poter dire la mia&#8221;"},"content":{"rendered":"<p>Parola ad Edoardo <strong>Pierozzi<\/strong>. Il difensore del Palermo \u00e8 stato uno degli acquisti del dimissionario Renzo <strong>Castagnini<\/strong>, arrivato insieme a Matteo <strong>Stoppa<\/strong>, entrambi scelti dall&#8217;allora tecnico Silvio <strong>Baldini<\/strong>. Con l&#8217;arrivo in panchina di Eugenio <strong>Corini<\/strong>, l&#8217;ex Fiorentina sta facendo fatica a trovare il giusto minutaggio ma restando comunque una valida opzione sulla fascia. Queste le sue dichiarazioni nella conferenza stampa di presentazione:<\/p>\n<p><em>&#8220;Io leggo poco i giornali, quando sono arrivato qua so che era un periodo di transizione. Io sono sempre stato concentrato, <strong>esordire \u00e8 stata una gioia immensa e ho pensato tutto il tempo a guadagnarmi il posto sul campo.<\/strong> La societ\u00e0 ha dimostrato fiducia in me e sono concentrato su quest&#8217;anno a Palermo. <strong>Voci di mercato su un ritorno alla Fiorentina infondate<\/strong>. La societ\u00e0 non mi ha detto nulla, sono bastate le prime parole dal mio arrivo qui. Loro hanno sempre dimostrato di credere in me, altrimenti non sarei mai venuto qua a Palermo. Gli unici consigli che mi hanno dato riguardano le dinamiche di campo. <strong>Derby con mio fratello? Grande gioia, era la prima volta che ci affrontavamo da avversari<\/strong> dopo aver condiviso tutto nella nostra carriera. Aver condiviso un match di B in due piazze cos\u00ec grandi \u00e8 stata una grande gioia. Caratteristiche a livello tattico? Io nasco come un terzino puro, <strong>nell&#8217;attuale modulo di mister Corini posso ricoprire il ruolo di terzino destro.<\/strong> Negli ultimi due anni ho giocato pi\u00f9 avanzato da quinto di centrocampo. Nelle due gare in cui sono sceso in campo con il Palermo il mister mi ha impiegato in una posizione pi\u00f9 avanzata.<strong> Le mie caratteristiche principali sono spinta in fase offensiva e buona lettura in occasione delle scalate difensive.<\/strong> Io posso giocare in una posizione pi\u00f9 avanzata ma il mio ruolo \u00e8 quello di terzino destro. La concorrenza \u00e8 alla base del miglioramento. <strong>Buttaro e Mateju stanno meritando di giocare ma io sono convinto di potermi ritagliare il mio spazio<\/strong> e non vedo l&#8217;ora di far vedere che contributo posso dare alla squadra. L&#8217;obiettivo di tutti i ragazzi giovani come me \u00e8 quello di arrivare in stadi del genere e non me lo sarei mai aspettato di arrivare cos\u00ec presto in una piazza del genere.<strong> In TV non si capisce bene quanto il Barbera possa aiutarci<\/strong> durante le partite casalinghe. Sono grato di giocare qua&#8221;.<\/em><\/p>\n","protected":false},"excerpt":{"rendered":"<p>Parola ad Edoardo Pierozzi. Il difensore del Palermo \u00e8 stato uno degli acquisti del dimissionario Renzo Castagnini, arrivato insieme a Matteo Stoppa, entrambi scelti dall&#8217;allora tecnico Silvio Baldini. Con l&#8217;arrivo in panchina di Eugenio Corini, l&#8217;ex Fiorentina sta facendo fatica a trovare il giusto minutaggio ma restando comunque una valida opzione sulla fascia. Queste le [&hellip;]<\/p>\n","protected":false},"author":2,"featured_media":0,"comment_status":"closed","ping_status":"closed","sticky":false,"template":"","format":"standard","meta":{"tdm_status":"","tdm_grid_status":"","footnotes":""},"categories":[6],"tags":[34],"class_list":["post-223","post","type-post","status-publish","format-standard","hentry","category-palermo-fc","tag-palermo"],"yoast_head":"<!-- This site is optimized with the Yoast SEO plugin v27.5 - https:\/\/yoast.com\/product\/yoast-seo-wordpress\/ -->\n<title>Pierozzi: &quot;Sono concentrato solo sul Palermo. Convinto di poter dire la mia&quot; - Palermonews<\/title>\n<meta name=\"description\" content=\"Pierozzi ha tenuto la propria conferenza stampa di presentazione col Palermo. Queste le dichiarazioni del difensore ex Fiorentina\" \/>\n<meta name=\"robots\" content=\"index, follow, max-snippet:-1, max-image-preview:large, max-video-preview:-1\" \/>\n<link rel=\"canonical\" href=\"https:\/\/www.palermonews.it\/index.php\/2022\/09\/12\/pierozzi-sono-concentrato-solo-sul-palermo-convinto-di-poter-dire-la-mia\/\" \/>\n<meta property=\"og:locale\" content=\"it_IT\" \/>\n<meta property=\"og:type\" content=\"article\" \/>\n<meta property=\"og:title\" content=\"Pierozzi: &quot;Sono concentrato solo sul Palermo. Convinto di poter dire la mia&quot; - Palermonews\" \/>\n<meta property=\"og:description\" content=\"Pierozzi ha tenuto la propria conferenza stampa di presentazione col Palermo. Queste le dichiarazioni del difensore ex Fiorentina\" \/>\n<meta property=\"og:url\" content=\"https:\/\/www.palermonews.it\/index.php\/2022\/09\/12\/pierozzi-sono-concentrato-solo-sul-palermo-convinto-di-poter-dire-la-mia\/\" \/>\n<meta property=\"og:site_name\" content=\"Palermonews\" \/>\n<meta property=\"article:published_time\" content=\"2022-09-12T10:13:32+00:00\" \/>\n<meta name=\"author\" content=\"Davide\" \/>\n<meta name=\"twitter:card\" content=\"summary_large_image\" \/>\n<meta name=\"twitter:label1\" content=\"Scritto da\" \/>\n\t<meta name=\"twitter:data1\" content=\"Davide\" \/>\n\t<meta name=\"twitter:label2\" content=\"Tempo di lettura stimato\" \/>\n\t<meta name=\"twitter:data2\" content=\"3 minuti\" \/>\n<script type=\"application\/ld+json\" class=\"yoast-schema-graph\">{\"@context\":\"https:\\\/\\\/schema.org\",\"@graph\":[{\"@type\":\"Article\",\"@id\":\"https:\\\/\\\/www.palermonews.it\\\/index.php\\\/2022\\\/09\\\/12\\\/pierozzi-sono-concentrato-solo-sul-palermo-convinto-di-poter-dire-la-mia\\\/#article\",\"isPartOf\":{\"@id\":\"https:\\\/\\\/www.palermonews.it\\\/index.php\\\/2022\\\/09\\\/12\\\/pierozzi-sono-concentrato-solo-sul-palermo-convinto-di-poter-dire-la-mia\\\/\"},\"author\":{\"name\":\"Davide\",\"@id\":\"https:\\\/\\\/www.palermonews.it\\\/#\\\/schema\\\/person\\\/ea8418ece513960bb41847667b1077af\"},\"headline\":\"Pierozzi: &#8220;Sono concentrato solo sul Palermo. Convinto di poter dire la mia&#8221;\",\"datePublished\":\"2022-09-12T10:13:32+00:00\",\"mainEntityOfPage\":{\"@id\":\"https:\\\/\\\/www.palermonews.it\\\/index.php\\\/2022\\\/09\\\/12\\\/pierozzi-sono-concentrato-solo-sul-palermo-convinto-di-poter-dire-la-mia\\\/\"},\"wordCount\":391,\"keywords\":[\"Palermo\"],\"articleSection\":[\"Palermo FC\"],\"inLanguage\":\"it-IT\"},{\"@type\":\"WebPage\",\"@id\":\"https:\\\/\\\/www.palermonews.it\\\/index.php\\\/2022\\\/09\\\/12\\\/pierozzi-sono-concentrato-solo-sul-palermo-convinto-di-poter-dire-la-mia\\\/\",\"url\":\"https:\\\/\\\/www.palermonews.it\\\/index.php\\\/2022\\\/09\\\/12\\\/pierozzi-sono-concentrato-solo-sul-palermo-convinto-di-poter-dire-la-mia\\\/\",\"name\":\"Pierozzi: \\\"Sono concentrato solo sul Palermo. Convinto di poter dire la mia\\\" - Palermonews\",\"isPartOf\":{\"@id\":\"https:\\\/\\\/www.palermonews.it\\\/#website\"},\"datePublished\":\"2022-09-12T10:13:32+00:00\",\"author\":{\"@id\":\"https:\\\/\\\/www.palermonews.it\\\/#\\\/schema\\\/person\\\/ea8418ece513960bb41847667b1077af\"},\"description\":\"Pierozzi ha tenuto la propria conferenza stampa di presentazione col Palermo. Queste le dichiarazioni del difensore ex Fiorentina\",\"breadcrumb\":{\"@id\":\"https:\\\/\\\/www.palermonews.it\\\/index.php\\\/2022\\\/09\\\/12\\\/pierozzi-sono-concentrato-solo-sul-palermo-convinto-di-poter-dire-la-mia\\\/#breadcrumb\"},\"inLanguage\":\"it-IT\",\"potentialAction\":[{\"@type\":\"ReadAction\",\"target\":[\"https:\\\/\\\/www.palermonews.it\\\/index.php\\\/2022\\\/09\\\/12\\\/pierozzi-sono-concentrato-solo-sul-palermo-convinto-di-poter-dire-la-mia\\\/\"]}]},{\"@type\":\"BreadcrumbList\",\"@id\":\"https:\\\/\\\/www.palermonews.it\\\/index.php\\\/2022\\\/09\\\/12\\\/pierozzi-sono-concentrato-solo-sul-palermo-convinto-di-poter-dire-la-mia\\\/#breadcrumb\",\"itemListElement\":[{\"@type\":\"ListItem\",\"position\":1,\"name\":\"Home\",\"item\":\"https:\\\/\\\/www.palermonews.it\\\/\"},{\"@type\":\"ListItem\",\"position\":2,\"name\":\"Pierozzi: &#8220;Sono concentrato solo sul Palermo. Convinto di poter dire la mia&#8221;\"}]},{\"@type\":\"WebSite\",\"@id\":\"https:\\\/\\\/www.palermonews.it\\\/#website\",\"url\":\"https:\\\/\\\/www.palermonews.it\\\/\",\"name\":\"Palermonews\",\"description\":\"Notizie sul Palermo FC e il City Football Club\",\"potentialAction\":[{\"@type\":\"SearchAction\",\"target\":{\"@type\":\"EntryPoint\",\"urlTemplate\":\"https:\\\/\\\/www.palermonews.it\\\/?s={search_term_string}\"},\"query-input\":{\"@type\":\"PropertyValueSpecification\",\"valueRequired\":true,\"valueName\":\"search_term_string\"}}],\"inLanguage\":\"it-IT\"},{\"@type\":\"Person\",\"@id\":\"https:\\\/\\\/www.palermonews.it\\\/#\\\/schema\\\/person\\\/ea8418ece513960bb41847667b1077af\",\"name\":\"Davide\",\"image\":{\"@type\":\"ImageObject\",\"inLanguage\":\"it-IT\",\"@id\":\"https:\\\/\\\/secure.gravatar.com\\\/avatar\\\/f31a5785ad5f0da346d95c18429aec20e79ee208d29c655152eed7b062ce1397?s=96&d=mm&r=g\",\"url\":\"https:\\\/\\\/secure.gravatar.com\\\/avatar\\\/f31a5785ad5f0da346d95c18429aec20e79ee208d29c655152eed7b062ce1397?s=96&d=mm&r=g\",\"contentUrl\":\"https:\\\/\\\/secure.gravatar.com\\\/avatar\\\/f31a5785ad5f0da346d95c18429aec20e79ee208d29c655152eed7b062ce1397?s=96&d=mm&r=g\",\"caption\":\"Davide\"},\"sameAs\":[\"https:\\\/\\\/www.palermonews.it\"],\"url\":\"https:\\\/\\\/www.palermonews.it\\\/index.php\\\/author\\\/reda002\\\/\"}]}<\/script>\n<!-- \/ Yoast SEO plugin. -->","yoast_head_json":{"title":"Pierozzi: \"Sono concentrato solo sul Palermo. Convinto di poter dire la mia\" - Palermonews","description":"Pierozzi ha tenuto la propria conferenza stampa di presentazione col Palermo. Queste le dichiarazioni del difensore ex Fiorentina","robots":{"index":"index","follow":"follow","max-snippet":"max-snippet:-1","max-image-preview":"max-image-preview:large","max-video-preview":"max-video-preview:-1"},"canonical":"https:\/\/www.palermonews.it\/index.php\/2022\/09\/12\/pierozzi-sono-concentrato-solo-sul-palermo-convinto-di-poter-dire-la-mia\/","og_locale":"it_IT","og_type":"article","og_title":"Pierozzi: \"Sono concentrato solo sul Palermo. Convinto di poter dire la mia\" - Palermonews","og_description":"Pierozzi ha tenuto la propria conferenza stampa di presentazione col Palermo. Queste le dichiarazioni del difensore ex Fiorentina","og_url":"https:\/\/www.palermonews.it\/index.php\/2022\/09\/12\/pierozzi-sono-concentrato-solo-sul-palermo-convinto-di-poter-dire-la-mia\/","og_site_name":"Palermonews","article_published_time":"2022-09-12T10:13:32+00:00","author":"Davide","twitter_card":"summary_large_image","twitter_misc":{"Scritto da":"Davide","Tempo di lettura stimato":"3 minuti"},"schema":{"@context":"https:\/\/schema.org","@graph":[{"@type":"Article","@id":"https:\/\/www.palermonews.it\/index.php\/2022\/09\/12\/pierozzi-sono-concentrato-solo-sul-palermo-convinto-di-poter-dire-la-mia\/#article","isPartOf":{"@id":"https:\/\/www.palermonews.it\/index.php\/2022\/09\/12\/pierozzi-sono-concentrato-solo-sul-palermo-convinto-di-poter-dire-la-mia\/"},"author":{"name":"Davide","@id":"https:\/\/www.palermonews.it\/#\/schema\/person\/ea8418ece513960bb41847667b1077af"},"headline":"Pierozzi: &#8220;Sono concentrato solo sul Palermo. Convinto di poter dire la mia&#8221;","datePublished":"2022-09-12T10:13:32+00:00","mainEntityOfPage":{"@id":"https:\/\/www.palermonews.it\/index.php\/2022\/09\/12\/pierozzi-sono-concentrato-solo-sul-palermo-convinto-di-poter-dire-la-mia\/"},"wordCount":391,"keywords":["Palermo"],"articleSection":["Palermo FC"],"inLanguage":"it-IT"},{"@type":"WebPage","@id":"https:\/\/www.palermonews.it\/index.php\/2022\/09\/12\/pierozzi-sono-concentrato-solo-sul-palermo-convinto-di-poter-dire-la-mia\/","url":"https:\/\/www.palermonews.it\/index.php\/2022\/09\/12\/pierozzi-sono-concentrato-solo-sul-palermo-convinto-di-poter-dire-la-mia\/","name":"Pierozzi: \"Sono concentrato solo sul Palermo. Convinto di poter dire la mia\" - Palermonews","isPartOf":{"@id":"https:\/\/www.palermonews.it\/#website"},"datePublished":"2022-09-12T10:13:32+00:00","author":{"@id":"https:\/\/www.palermonews.it\/#\/schema\/person\/ea8418ece513960bb41847667b1077af"},"description":"Pierozzi ha tenuto la propria conferenza stampa di presentazione col Palermo. Queste le dichiarazioni del difensore ex Fiorentina","breadcrumb":{"@id":"https:\/\/www.palermonews.it\/index.php\/2022\/09\/12\/pierozzi-sono-concentrato-solo-sul-palermo-convinto-di-poter-dire-la-mia\/#breadcrumb"},"inLanguage":"it-IT","potentialAction":[{"@type":"ReadAction","target":["https:\/\/www.palermonews.it\/index.php\/2022\/09\/12\/pierozzi-sono-concentrato-solo-sul-palermo-convinto-di-poter-dire-la-mia\/"]}]},{"@type":"BreadcrumbList","@id":"https:\/\/www.palermonews.it\/index.php\/2022\/09\/12\/pierozzi-sono-concentrato-solo-sul-palermo-convinto-di-poter-dire-la-mia\/#breadcrumb","itemListElement":[{"@type":"ListItem","position":1,"name":"Home","item":"https:\/\/www.palermonews.it\/"},{"@type":"ListItem","position":2,"name":"Pierozzi: &#8220;Sono concentrato solo sul Palermo. Convinto di poter dire la mia&#8221;"}]},{"@type":"WebSite","@id":"https:\/\/www.palermonews.it\/#website","url":"https:\/\/www.palermonews.it\/","name":"Palermonews","description":"Notizie sul Palermo FC e il City Football Club","potentialAction":[{"@type":"SearchAction","target":{"@type":"EntryPoint","urlTemplate":"https:\/\/www.palermonews.it\/?s={search_term_string}"},"query-input":{"@type":"PropertyValueSpecification","valueRequired":true,"valueName":"search_term_string"}}],"inLanguage":"it-IT"},{"@type":"Person","@id":"https:\/\/www.palermonews.it\/#\/schema\/person\/ea8418ece513960bb41847667b1077af","name":"Davide","image":{"@type":"ImageObject","inLanguage":"it-IT","@id":"https:\/\/secure.gravatar.com\/avatar\/f31a5785ad5f0da346d95c18429aec20e79ee208d29c655152eed7b062ce1397?s=96&d=mm&r=g","url":"https:\/\/secure.gravatar.com\/avatar\/f31a5785ad5f0da346d95c18429aec20e79ee208d29c655152eed7b062ce1397?s=96&d=mm&r=g","contentUrl":"https:\/\/secure.gravatar.com\/avatar\/f31a5785ad5f0da346d95c18429aec20e79ee208d29c655152eed7b062ce1397?s=96&d=mm&r=g","caption":"Davide"},"sameAs":["https:\/\/www.palermonews.it"],"url":"https:\/\/www.palermonews.it\/index.php\/author\/reda002\/"}]}},"_links":{"self":[{"href":"https:\/\/www.palermonews.it\/index.php\/wp-json\/wp\/v2\/posts\/223","targetHints":{"allow":["GET"]}}],"collection":[{"href":"https:\/\/www.palermonews.it\/index.php\/wp-json\/wp\/v2\/posts"}],"about":[{"href":"https:\/\/www.palermonews.it\/index.php\/wp-json\/wp\/v2\/types\/post"}],"author":[{"embeddable":true,"href":"https:\/\/www.palermonews.it\/index.php\/wp-json\/wp\/v2\/users\/2"}],"replies":[{"embeddable":true,"href":"https:\/\/www.palermonews.it\/index.php\/wp-json\/wp\/v2\/comments?post=223"}],"version-history":[{"count":1,"href":"https:\/\/www.palermonews.it\/index.php\/wp-json\/wp\/v2\/posts\/223\/revisions"}],"predecessor-version":[{"id":224,"href":"https:\/\/www.palermonews.it\/index.php\/wp-json\/wp\/v2\/posts\/223\/revisions\/224"}],"wp:attachment":[{"href":"https:\/\/www.palermonews.it\/index.php\/wp-json\/wp\/v2\/media?parent=223"}],"wp:term":[{"taxonomy":"category","embeddable":true,"href":"https:\/\/www.palermonews.it\/index.php\/wp-json\/wp\/v2\/categories?post=223"},{"taxonomy":"post_tag","embeddable":true,"href":"https:\/\/www.palermonews.it\/index.php\/wp-json\/wp\/v2\/tags?post=223"}],"curies":[{"name":"wp","href":"https:\/\/api.w.org\/{rel}","templated":true}]}}