{"id":229,"date":"2022-09-14T16:16:29","date_gmt":"2022-09-14T14:16:29","guid":{"rendered":"https:\/\/www.palermonews.it\/?p=229"},"modified":"2022-09-14T16:16:29","modified_gmt":"2022-09-14T14:16:29","slug":"saric-fiducioso-per-il-mio-rientro-chiesi-la-maglia-a-jajalo-in-un-palermo-carpi","status":"publish","type":"post","link":"https:\/\/www.palermonews.it\/index.php\/2022\/09\/14\/saric-fiducioso-per-il-mio-rientro-chiesi-la-maglia-a-jajalo-in-un-palermo-carpi\/","title":{"rendered":"Saric: &#8220;Fiducioso per il mio rientro. Chiesi la maglia a Jajalo in un Palermo-Carpi&#8221;"},"content":{"rendered":"<p>Dario <strong>Saric<\/strong> \u00e8 arrivato alla corte di mister Eugenio <strong>Corini<\/strong> dopo una lunga trattativa con l&#8217;<strong>Ascoli<\/strong>. Esordio sfortunato, tuttavia, per l&#8217;italo-bosniaco in quel di Reggio Calabria, con uno stop a met\u00e0 partita oltre che alla sconfitta. Prestazione pi\u00f9 convincente contro il Genoa nella giornata successiva di <strong>Serie B<\/strong>. Queste le dichiarazioni di Saric nella propria conferenza stampa di presentazione al &#8220;<em>Barbera<\/em>&#8220;:<\/p>\n<p><em>&#8220;Trattativa lunga incide sul mio rendimento? E&#8217; stata abbastanza lunga, <strong>il mercato estivo dura tanto ed ognuno in questi casi si prende il proprio tempo. Soprattutto quando ci sono pi\u00f9 squadre interessate.<\/strong> La trattativa l&#8217;ho vissuta in maniera particolare, ma non dipendeva da me la tempistica di chiusura. Cercavo di aspettare nella maniera pi\u00f9 tranquilla, anche quando ero qui da avversario nella sfida contro l&#8217;Ascoli. Per il giocatore \u00e8 difficile perch\u00e9 magari non ci si allena bene e sto cercando di recuperare ala condizione al meglio. Sono fiducioso che riuscir\u00f2 ad entrare nel pi\u00f9 breve tempo nella condizione migliore, anche grazie allo staff. Per me \u00e8 un orgoglio essere qui, in una citt\u00e0 ed una societ\u00e0 ambiziosa. Mi d\u00e0 carica e motivazione per fare sempre di pi\u00f9. Essere scelto mi d\u00e0 la forza di dover fare sempre di pi\u00f9. Riuscir\u00f2 a dare il 1100% del mio potenziale. Impatto con la realt\u00e0 incredibile. <strong>Avevo ricordi del Barbera del passato mio qui da avversario. Sono rimasto davvero impressionato allora ed anche adesso.<\/strong> Con Corini e la squadra non ci conoscevamo e mi sto inserendo bene da mezzala. Gol? non sono mai stato un goleador, ho sempre curato l&#8217;aspetto che riguarda la manovra della squadra, Non \u00e8 una mia caratteristica naturale l&#8217;aspetto realizzativo, ci devo lavorare e ci sto lavorando.\u00a0<\/em><em>Possibile convocazione in nazionale essendo nato in Italia ma Bosniaco? La mia situazione familiare \u00e8 particolare. La mia famiglia ha lottato per la Bosnia per la guerra degli anni &#8217;90, l\u00ec ho parenti e sento molto il valore di quel paese. Ci sono sempre andato e\u00a0 per me giocare nella nazionale della Bosnia sarebbe una cosa bellissima. E&#8217; un mio obiettivo e sarebbe un onore. Due anni fa sono stato convocato per le amichevoli ma ero infortunato. Sarebbe qualcosa di importante per me ma anche per la mia famiglia. Jajalo? Ci siamo conosciuti qui a Palermo quando io ero al Carpi. Gli ho anche chiesto la maglia ed \u00e8 ben conservata. Chiedere la maglia a lui per me era davvero importante&#8221;.<\/em><\/p>\n","protected":false},"excerpt":{"rendered":"<p>Dario Saric \u00e8 arrivato alla corte di mister Eugenio Corini dopo una lunga trattativa con l&#8217;Ascoli. Esordio sfortunato, tuttavia, per l&#8217;italo-bosniaco in quel di Reggio Calabria, con uno stop a met\u00e0 partita oltre che alla sconfitta. Prestazione pi\u00f9 convincente contro il Genoa nella giornata successiva di Serie B. Queste le dichiarazioni di Saric nella propria [&hellip;]<\/p>\n","protected":false},"author":2,"featured_media":230,"comment_status":"closed","ping_status":"closed","sticky":false,"template":"","format":"standard","meta":{"tdm_status":"","tdm_grid_status":"","footnotes":""},"categories":[6],"tags":[34],"class_list":["post-229","post","type-post","status-publish","format-standard","has-post-thumbnail","hentry","category-palermo-fc","tag-palermo"],"yoast_head":"<!-- This site is optimized with the Yoast SEO plugin v27.5 - https:\/\/yoast.com\/product\/yoast-seo-wordpress\/ -->\n<title>Saric: &quot;Fiducioso per il mio rientro. Chiesi la maglia a Jajalo in un Palermo-Carpi&quot; - Palermonews<\/title>\n<meta name=\"description\" content=\"La conferenza stampa di presentazione di Dario Saric con il Palermo FC. L&#039;italo-bosniaco \u00e8 arrivato dall&#039;Ascoli in Serie B\" \/>\n<meta name=\"robots\" content=\"index, follow, max-snippet:-1, max-image-preview:large, max-video-preview:-1\" \/>\n<link rel=\"canonical\" href=\"https:\/\/www.palermonews.it\/index.php\/2022\/09\/14\/saric-fiducioso-per-il-mio-rientro-chiesi-la-maglia-a-jajalo-in-un-palermo-carpi\/\" \/>\n<meta property=\"og:locale\" content=\"it_IT\" \/>\n<meta property=\"og:type\" content=\"article\" \/>\n<meta property=\"og:title\" content=\"Saric: &quot;Fiducioso per il mio rientro. Chiesi la maglia a Jajalo in un Palermo-Carpi&quot; - Palermonews\" \/>\n<meta property=\"og:description\" content=\"La conferenza stampa di presentazione di Dario Saric con il Palermo FC. L&#039;italo-bosniaco \u00e8 arrivato dall&#039;Ascoli in Serie B\" \/>\n<meta property=\"og:url\" content=\"https:\/\/www.palermonews.it\/index.php\/2022\/09\/14\/saric-fiducioso-per-il-mio-rientro-chiesi-la-maglia-a-jajalo-in-un-palermo-carpi\/\" \/>\n<meta property=\"og:site_name\" content=\"Palermonews\" \/>\n<meta property=\"article:published_time\" content=\"2022-09-14T14:16:29+00:00\" \/>\n<meta name=\"author\" content=\"Davide\" \/>\n<meta name=\"twitter:card\" content=\"summary_large_image\" \/>\n<meta name=\"twitter:label1\" content=\"Scritto da\" \/>\n\t<meta name=\"twitter:data1\" content=\"Davide\" \/>\n\t<meta name=\"twitter:label2\" content=\"Tempo di lettura stimato\" \/>\n\t<meta name=\"twitter:data2\" content=\"3 minuti\" \/>\n<script type=\"application\/ld+json\" class=\"yoast-schema-graph\">{\"@context\":\"https:\\\/\\\/schema.org\",\"@graph\":[{\"@type\":\"Article\",\"@id\":\"https:\\\/\\\/www.palermonews.it\\\/index.php\\\/2022\\\/09\\\/14\\\/saric-fiducioso-per-il-mio-rientro-chiesi-la-maglia-a-jajalo-in-un-palermo-carpi\\\/#article\",\"isPartOf\":{\"@id\":\"https:\\\/\\\/www.palermonews.it\\\/index.php\\\/2022\\\/09\\\/14\\\/saric-fiducioso-per-il-mio-rientro-chiesi-la-maglia-a-jajalo-in-un-palermo-carpi\\\/\"},\"author\":{\"name\":\"Davide\",\"@id\":\"https:\\\/\\\/www.palermonews.it\\\/#\\\/schema\\\/person\\\/ea8418ece513960bb41847667b1077af\"},\"headline\":\"Saric: &#8220;Fiducioso per il mio rientro. Chiesi la maglia a Jajalo in un Palermo-Carpi&#8221;\",\"datePublished\":\"2022-09-14T14:16:29+00:00\",\"mainEntityOfPage\":{\"@id\":\"https:\\\/\\\/www.palermonews.it\\\/index.php\\\/2022\\\/09\\\/14\\\/saric-fiducioso-per-il-mio-rientro-chiesi-la-maglia-a-jajalo-in-un-palermo-carpi\\\/\"},\"wordCount\":406,\"image\":{\"@id\":\"https:\\\/\\\/www.palermonews.it\\\/index.php\\\/2022\\\/09\\\/14\\\/saric-fiducioso-per-il-mio-rientro-chiesi-la-maglia-a-jajalo-in-un-palermo-carpi\\\/#primaryimage\"},\"thumbnailUrl\":\"https:\\\/\\\/www.palermonews.it\\\/wp-content\\\/uploads\\\/2022\\\/09\\\/saric.bmp\",\"keywords\":[\"Palermo\"],\"articleSection\":[\"Palermo FC\"],\"inLanguage\":\"it-IT\"},{\"@type\":\"WebPage\",\"@id\":\"https:\\\/\\\/www.palermonews.it\\\/index.php\\\/2022\\\/09\\\/14\\\/saric-fiducioso-per-il-mio-rientro-chiesi-la-maglia-a-jajalo-in-un-palermo-carpi\\\/\",\"url\":\"https:\\\/\\\/www.palermonews.it\\\/index.php\\\/2022\\\/09\\\/14\\\/saric-fiducioso-per-il-mio-rientro-chiesi-la-maglia-a-jajalo-in-un-palermo-carpi\\\/\",\"name\":\"Saric: \\\"Fiducioso per il mio rientro. Chiesi la maglia a Jajalo in un Palermo-Carpi\\\" - Palermonews\",\"isPartOf\":{\"@id\":\"https:\\\/\\\/www.palermonews.it\\\/#website\"},\"primaryImageOfPage\":{\"@id\":\"https:\\\/\\\/www.palermonews.it\\\/index.php\\\/2022\\\/09\\\/14\\\/saric-fiducioso-per-il-mio-rientro-chiesi-la-maglia-a-jajalo-in-un-palermo-carpi\\\/#primaryimage\"},\"image\":{\"@id\":\"https:\\\/\\\/www.palermonews.it\\\/index.php\\\/2022\\\/09\\\/14\\\/saric-fiducioso-per-il-mio-rientro-chiesi-la-maglia-a-jajalo-in-un-palermo-carpi\\\/#primaryimage\"},\"thumbnailUrl\":\"https:\\\/\\\/www.palermonews.it\\\/wp-content\\\/uploads\\\/2022\\\/09\\\/saric.bmp\",\"datePublished\":\"2022-09-14T14:16:29+00:00\",\"author\":{\"@id\":\"https:\\\/\\\/www.palermonews.it\\\/#\\\/schema\\\/person\\\/ea8418ece513960bb41847667b1077af\"},\"description\":\"La conferenza stampa di presentazione di Dario Saric con il Palermo FC. L'italo-bosniaco \u00e8 arrivato dall'Ascoli in Serie B\",\"breadcrumb\":{\"@id\":\"https:\\\/\\\/www.palermonews.it\\\/index.php\\\/2022\\\/09\\\/14\\\/saric-fiducioso-per-il-mio-rientro-chiesi-la-maglia-a-jajalo-in-un-palermo-carpi\\\/#breadcrumb\"},\"inLanguage\":\"it-IT\",\"potentialAction\":[{\"@type\":\"ReadAction\",\"target\":[\"https:\\\/\\\/www.palermonews.it\\\/index.php\\\/2022\\\/09\\\/14\\\/saric-fiducioso-per-il-mio-rientro-chiesi-la-maglia-a-jajalo-in-un-palermo-carpi\\\/\"]}]},{\"@type\":\"ImageObject\",\"inLanguage\":\"it-IT\",\"@id\":\"https:\\\/\\\/www.palermonews.it\\\/index.php\\\/2022\\\/09\\\/14\\\/saric-fiducioso-per-il-mio-rientro-chiesi-la-maglia-a-jajalo-in-un-palermo-carpi\\\/#primaryimage\",\"url\":\"https:\\\/\\\/www.palermonews.it\\\/wp-content\\\/uploads\\\/2022\\\/09\\\/saric.bmp\",\"contentUrl\":\"https:\\\/\\\/www.palermonews.it\\\/wp-content\\\/uploads\\\/2022\\\/09\\\/saric.bmp\",\"width\":890,\"height\":496,\"caption\":\"Palermo\"},{\"@type\":\"BreadcrumbList\",\"@id\":\"https:\\\/\\\/www.palermonews.it\\\/index.php\\\/2022\\\/09\\\/14\\\/saric-fiducioso-per-il-mio-rientro-chiesi-la-maglia-a-jajalo-in-un-palermo-carpi\\\/#breadcrumb\",\"itemListElement\":[{\"@type\":\"ListItem\",\"position\":1,\"name\":\"Home\",\"item\":\"https:\\\/\\\/www.palermonews.it\\\/\"},{\"@type\":\"ListItem\",\"position\":2,\"name\":\"Saric: &#8220;Fiducioso per il mio rientro. Chiesi la maglia a Jajalo in un Palermo-Carpi&#8221;\"}]},{\"@type\":\"WebSite\",\"@id\":\"https:\\\/\\\/www.palermonews.it\\\/#website\",\"url\":\"https:\\\/\\\/www.palermonews.it\\\/\",\"name\":\"Palermonews\",\"description\":\"Notizie sul Palermo FC e il City Football Club\",\"potentialAction\":[{\"@type\":\"SearchAction\",\"target\":{\"@type\":\"EntryPoint\",\"urlTemplate\":\"https:\\\/\\\/www.palermonews.it\\\/?s={search_term_string}\"},\"query-input\":{\"@type\":\"PropertyValueSpecification\",\"valueRequired\":true,\"valueName\":\"search_term_string\"}}],\"inLanguage\":\"it-IT\"},{\"@type\":\"Person\",\"@id\":\"https:\\\/\\\/www.palermonews.it\\\/#\\\/schema\\\/person\\\/ea8418ece513960bb41847667b1077af\",\"name\":\"Davide\",\"image\":{\"@type\":\"ImageObject\",\"inLanguage\":\"it-IT\",\"@id\":\"https:\\\/\\\/secure.gravatar.com\\\/avatar\\\/f31a5785ad5f0da346d95c18429aec20e79ee208d29c655152eed7b062ce1397?s=96&d=mm&r=g\",\"url\":\"https:\\\/\\\/secure.gravatar.com\\\/avatar\\\/f31a5785ad5f0da346d95c18429aec20e79ee208d29c655152eed7b062ce1397?s=96&d=mm&r=g\",\"contentUrl\":\"https:\\\/\\\/secure.gravatar.com\\\/avatar\\\/f31a5785ad5f0da346d95c18429aec20e79ee208d29c655152eed7b062ce1397?s=96&d=mm&r=g\",\"caption\":\"Davide\"},\"sameAs\":[\"https:\\\/\\\/www.palermonews.it\"],\"url\":\"https:\\\/\\\/www.palermonews.it\\\/index.php\\\/author\\\/reda002\\\/\"}]}<\/script>\n<!-- \/ Yoast SEO plugin. -->","yoast_head_json":{"title":"Saric: \"Fiducioso per il mio rientro. Chiesi la maglia a Jajalo in un Palermo-Carpi\" - Palermonews","description":"La conferenza stampa di presentazione di Dario Saric con il Palermo FC. L'italo-bosniaco \u00e8 arrivato dall'Ascoli in Serie B","robots":{"index":"index","follow":"follow","max-snippet":"max-snippet:-1","max-image-preview":"max-image-preview:large","max-video-preview":"max-video-preview:-1"},"canonical":"https:\/\/www.palermonews.it\/index.php\/2022\/09\/14\/saric-fiducioso-per-il-mio-rientro-chiesi-la-maglia-a-jajalo-in-un-palermo-carpi\/","og_locale":"it_IT","og_type":"article","og_title":"Saric: \"Fiducioso per il mio rientro. Chiesi la maglia a Jajalo in un Palermo-Carpi\" - Palermonews","og_description":"La conferenza stampa di presentazione di Dario Saric con il Palermo FC. L'italo-bosniaco \u00e8 arrivato dall'Ascoli in Serie B","og_url":"https:\/\/www.palermonews.it\/index.php\/2022\/09\/14\/saric-fiducioso-per-il-mio-rientro-chiesi-la-maglia-a-jajalo-in-un-palermo-carpi\/","og_site_name":"Palermonews","article_published_time":"2022-09-14T14:16:29+00:00","author":"Davide","twitter_card":"summary_large_image","twitter_misc":{"Scritto da":"Davide","Tempo di lettura stimato":"3 minuti"},"schema":{"@context":"https:\/\/schema.org","@graph":[{"@type":"Article","@id":"https:\/\/www.palermonews.it\/index.php\/2022\/09\/14\/saric-fiducioso-per-il-mio-rientro-chiesi-la-maglia-a-jajalo-in-un-palermo-carpi\/#article","isPartOf":{"@id":"https:\/\/www.palermonews.it\/index.php\/2022\/09\/14\/saric-fiducioso-per-il-mio-rientro-chiesi-la-maglia-a-jajalo-in-un-palermo-carpi\/"},"author":{"name":"Davide","@id":"https:\/\/www.palermonews.it\/#\/schema\/person\/ea8418ece513960bb41847667b1077af"},"headline":"Saric: &#8220;Fiducioso per il mio rientro. Chiesi la maglia a Jajalo in un Palermo-Carpi&#8221;","datePublished":"2022-09-14T14:16:29+00:00","mainEntityOfPage":{"@id":"https:\/\/www.palermonews.it\/index.php\/2022\/09\/14\/saric-fiducioso-per-il-mio-rientro-chiesi-la-maglia-a-jajalo-in-un-palermo-carpi\/"},"wordCount":406,"image":{"@id":"https:\/\/www.palermonews.it\/index.php\/2022\/09\/14\/saric-fiducioso-per-il-mio-rientro-chiesi-la-maglia-a-jajalo-in-un-palermo-carpi\/#primaryimage"},"thumbnailUrl":"https:\/\/www.palermonews.it\/wp-content\/uploads\/2022\/09\/saric.bmp","keywords":["Palermo"],"articleSection":["Palermo FC"],"inLanguage":"it-IT"},{"@type":"WebPage","@id":"https:\/\/www.palermonews.it\/index.php\/2022\/09\/14\/saric-fiducioso-per-il-mio-rientro-chiesi-la-maglia-a-jajalo-in-un-palermo-carpi\/","url":"https:\/\/www.palermonews.it\/index.php\/2022\/09\/14\/saric-fiducioso-per-il-mio-rientro-chiesi-la-maglia-a-jajalo-in-un-palermo-carpi\/","name":"Saric: \"Fiducioso per il mio rientro. Chiesi la maglia a Jajalo in un Palermo-Carpi\" - Palermonews","isPartOf":{"@id":"https:\/\/www.palermonews.it\/#website"},"primaryImageOfPage":{"@id":"https:\/\/www.palermonews.it\/index.php\/2022\/09\/14\/saric-fiducioso-per-il-mio-rientro-chiesi-la-maglia-a-jajalo-in-un-palermo-carpi\/#primaryimage"},"image":{"@id":"https:\/\/www.palermonews.it\/index.php\/2022\/09\/14\/saric-fiducioso-per-il-mio-rientro-chiesi-la-maglia-a-jajalo-in-un-palermo-carpi\/#primaryimage"},"thumbnailUrl":"https:\/\/www.palermonews.it\/wp-content\/uploads\/2022\/09\/saric.bmp","datePublished":"2022-09-14T14:16:29+00:00","author":{"@id":"https:\/\/www.palermonews.it\/#\/schema\/person\/ea8418ece513960bb41847667b1077af"},"description":"La conferenza stampa di presentazione di Dario Saric con il Palermo FC. L'italo-bosniaco \u00e8 arrivato dall'Ascoli in Serie B","breadcrumb":{"@id":"https:\/\/www.palermonews.it\/index.php\/2022\/09\/14\/saric-fiducioso-per-il-mio-rientro-chiesi-la-maglia-a-jajalo-in-un-palermo-carpi\/#breadcrumb"},"inLanguage":"it-IT","potentialAction":[{"@type":"ReadAction","target":["https:\/\/www.palermonews.it\/index.php\/2022\/09\/14\/saric-fiducioso-per-il-mio-rientro-chiesi-la-maglia-a-jajalo-in-un-palermo-carpi\/"]}]},{"@type":"ImageObject","inLanguage":"it-IT","@id":"https:\/\/www.palermonews.it\/index.php\/2022\/09\/14\/saric-fiducioso-per-il-mio-rientro-chiesi-la-maglia-a-jajalo-in-un-palermo-carpi\/#primaryimage","url":"https:\/\/www.palermonews.it\/wp-content\/uploads\/2022\/09\/saric.bmp","contentUrl":"https:\/\/www.palermonews.it\/wp-content\/uploads\/2022\/09\/saric.bmp","width":890,"height":496,"caption":"Palermo"},{"@type":"BreadcrumbList","@id":"https:\/\/www.palermonews.it\/index.php\/2022\/09\/14\/saric-fiducioso-per-il-mio-rientro-chiesi-la-maglia-a-jajalo-in-un-palermo-carpi\/#breadcrumb","itemListElement":[{"@type":"ListItem","position":1,"name":"Home","item":"https:\/\/www.palermonews.it\/"},{"@type":"ListItem","position":2,"name":"Saric: &#8220;Fiducioso per il mio rientro. Chiesi la maglia a Jajalo in un Palermo-Carpi&#8221;"}]},{"@type":"WebSite","@id":"https:\/\/www.palermonews.it\/#website","url":"https:\/\/www.palermonews.it\/","name":"Palermonews","description":"Notizie sul Palermo FC e il City Football Club","potentialAction":[{"@type":"SearchAction","target":{"@type":"EntryPoint","urlTemplate":"https:\/\/www.palermonews.it\/?s={search_term_string}"},"query-input":{"@type":"PropertyValueSpecification","valueRequired":true,"valueName":"search_term_string"}}],"inLanguage":"it-IT"},{"@type":"Person","@id":"https:\/\/www.palermonews.it\/#\/schema\/person\/ea8418ece513960bb41847667b1077af","name":"Davide","image":{"@type":"ImageObject","inLanguage":"it-IT","@id":"https:\/\/secure.gravatar.com\/avatar\/f31a5785ad5f0da346d95c18429aec20e79ee208d29c655152eed7b062ce1397?s=96&d=mm&r=g","url":"https:\/\/secure.gravatar.com\/avatar\/f31a5785ad5f0da346d95c18429aec20e79ee208d29c655152eed7b062ce1397?s=96&d=mm&r=g","contentUrl":"https:\/\/secure.gravatar.com\/avatar\/f31a5785ad5f0da346d95c18429aec20e79ee208d29c655152eed7b062ce1397?s=96&d=mm&r=g","caption":"Davide"},"sameAs":["https:\/\/www.palermonews.it"],"url":"https:\/\/www.palermonews.it\/index.php\/author\/reda002\/"}]}},"_links":{"self":[{"href":"https:\/\/www.palermonews.it\/index.php\/wp-json\/wp\/v2\/posts\/229","targetHints":{"allow":["GET"]}}],"collection":[{"href":"https:\/\/www.palermonews.it\/index.php\/wp-json\/wp\/v2\/posts"}],"about":[{"href":"https:\/\/www.palermonews.it\/index.php\/wp-json\/wp\/v2\/types\/post"}],"author":[{"embeddable":true,"href":"https:\/\/www.palermonews.it\/index.php\/wp-json\/wp\/v2\/users\/2"}],"replies":[{"embeddable":true,"href":"https:\/\/www.palermonews.it\/index.php\/wp-json\/wp\/v2\/comments?post=229"}],"version-history":[{"count":1,"href":"https:\/\/www.palermonews.it\/index.php\/wp-json\/wp\/v2\/posts\/229\/revisions"}],"predecessor-version":[{"id":231,"href":"https:\/\/www.palermonews.it\/index.php\/wp-json\/wp\/v2\/posts\/229\/revisions\/231"}],"wp:featuredmedia":[{"embeddable":true,"href":"https:\/\/www.palermonews.it\/index.php\/wp-json\/wp\/v2\/media\/230"}],"wp:attachment":[{"href":"https:\/\/www.palermonews.it\/index.php\/wp-json\/wp\/v2\/media?parent=229"}],"wp:term":[{"taxonomy":"category","embeddable":true,"href":"https:\/\/www.palermonews.it\/index.php\/wp-json\/wp\/v2\/categories?post=229"},{"taxonomy":"post_tag","embeddable":true,"href":"https:\/\/www.palermonews.it\/index.php\/wp-json\/wp\/v2\/tags?post=229"}],"curies":[{"name":"wp","href":"https:\/\/api.w.org\/{rel}","templated":true}]}}